{"id":2342,"date":"2024-03-19T12:18:17","date_gmt":"2024-03-19T11:18:17","guid":{"rendered":"https:\/\/www.pouey.com\/?p=2342"},"modified":"2024-04-04T17:20:16","modified_gmt":"2024-04-04T15:20:16","slug":"una-nomina-strategica-nella-nostra-societa","status":"publish","type":"post","link":"https:\/\/pouey.definima.net\/it\/una-nomina-strategica-nella-nostra-societa\/","title":{"rendered":"Una nomina strategica nella nostra societ\u00e0"},"content":{"rendered":"\n<p>Pouey International, un&#8217;azienda leader nella <strong>gestione del rischio clienti<\/strong> con un&#8217;esperienza di oltre un secolo, \u00e8 lieta di annunciare la nomina di <strong>Camille VIAL come nuova Country Manager per l&#8217;Italia<\/strong>. Dopo aver ricoperto il ruolo di responsabile commerciale Lombardia per due anni e potenziato le performance commerciali in questa regione chiave, Camille sar\u00e0 incaricata dello sviluppo di tutte le <a href=\"https:\/\/www.pouey.com\/it\/servizi\/inchieste-commerciali\/\">attivit\u00e0 commerciali<\/a> e delle vendite volte a rafforzare il <a href=\"https:\/\/www.pouey.com\/it\/servizi\/scoremap\/\">portafoglio attuale dei clienti<\/a> di Pouey, nonch\u00e9 di cercare nuove partnership.<\/p>\n\n\n\n<figure class=\"wp-block-image size-large is-resized\"><img loading=\"lazy\" decoding=\"async\" width=\"1024\" height=\"576\" src=\"https:\/\/www.pouey.com\/wp-content\/uploads\/2024\/03\/Images-pour-SITE-WEB-1-1024x576.png\" alt=\"Camille Vial\" class=\"wp-image-2325\" style=\"width:678px;height:auto\" srcset=\"https:\/\/pouey.definima.net\/wp-content\/uploads\/2024\/03\/Images-pour-SITE-WEB-1-1024x576.png 1024w, https:\/\/pouey.definima.net\/wp-content\/uploads\/2024\/03\/Images-pour-SITE-WEB-1-350x197.png 350w, https:\/\/pouey.definima.net\/wp-content\/uploads\/2024\/03\/Images-pour-SITE-WEB-1-768x432.png 768w, https:\/\/pouey.definima.net\/wp-content\/uploads\/2024\/03\/Images-pour-SITE-WEB-1.png 1366w\" sizes=\"auto, (max-width: 1024px) 100vw, 1024px\" \/><\/figure>\n\n\n\n<p>Con sede a Milano, guider\u00e0 il team delle vendite nella citt\u00e0 e nelle altre regioni dove l&#8217;azienda \u00e8 presente in Italia: Piemonte, Liguria, Valle d&#8217;Aosta, Lombardia, Veneto, Trentino-Alto-Adige, Friuli-Venezia-Giulia, Emilia-Romagna e Marche.<\/p>\n\n\n\n<p>Camille \u00e8 entrata a far parte di Pouey International nel 2021, portando con s\u00e9 la sua esperienza nello <strong>sviluppo strategico e commerciale in Francia e all&#8217;estero<\/strong>, in particolare nei settori dell&#8217;imprenditorialit\u00e0 femminile (Incubatore Les Premi\u00e8res Auvergne Rh\u00f4ne-Alpes), della formazione linguistica aziendale (Myngle Amsterdam) e delle risorse umane (Gruppo Adecco).<\/p>\n\n\n\n<p>Parallelamente al suo impegno professionale, Camille ha intrapreso un progetto personale in Indonesia e in Oceania, grazie al quale ha acquisito una profonda conoscenza delle culture locali, sviluppato le sue competenze nella comunicazione interculturale e rafforzato la sua resilienza e adattabilit\u00e0 di fronte alle sfide incontrate in ambienti diversificati. Queste qualit\u00e0 e apertura mentale saranno risorse preziose nell&#8217;adempimento dei suoi nuovi incarichi.<\/p>\n\n\n\n<p>&#8220;Siamo entusiasti di dare il benvenuto a Camille Vial, dopo la sua esperienza personale internazionale, in nuove responsabilit\u00e0 estese allo <strong>sviluppo commerciale in Italia<\/strong> e alla guida di un team che conosce gi\u00e0 e che ha tutta la sua fiducia&#8221;.<\/p>\n\n\n\n<p><em><strong>Franck Lemoine, Direttore commerciale.<\/strong><\/em><\/p>\n\n\n\n<div class=\"wp-block-buttons is-content-justification-center is-layout-flex wp-container-core-buttons-is-layout-16018d1d wp-block-buttons-is-layout-flex\">\n<div class=\"wp-block-button is-style-outline is-style-outline--1\"><a class=\"wp-block-button__link wp-element-button\" href=\"https:\/\/fr.linkedin.com\/company\/pouey-international\" target=\"_blank\" rel=\"noreferrer noopener\">LinkedIn<\/a><\/div>\n<\/div>\n\n\n\n<p><\/p>\n","protected":false},"excerpt":{"rendered":"<p>Scoprite la nomina di Camille Vial nella nostra societ\u00e0<\/p>\n","protected":false},"author":6,"featured_media":2331,"comment_status":"closed","ping_status":"open","sticky":false,"template":"","format":"standard","meta":{"content-type":"","inline_featured_image":false,"footnotes":""},"categories":[22,65],"tags":[],"class_list":["post-2342","post","type-post","status-publish","format-standard","has-post-thumbnail","hentry","category-communiques-de-presse","category-notizie","entry"],"acf":[],"yoast_head":"<!-- This site is optimized with the Yoast SEO plugin v27.4 - https:\/\/yoast.com\/product\/yoast-seo-wordpress\/ -->\n<title>Camille VIAL : Una nomina strategica nella Pouey Italia<\/title>\n<meta name=\"description\" content=\"19 Marzo 2024 - Una nomina strategica nella nostra societ\u00e0. Scoprite la nomina di Camille Vial nella nostra societ\u00e0. Attualit\u00e0 Notizie Pouey.\" \/>\n<meta name=\"robots\" content=\"noindex, follow, max-snippet:-1, max-image-preview:large, max-video-preview:-1\" \/>\n<meta property=\"og:locale\" content=\"it_IT\" \/>\n<meta property=\"og:type\" content=\"article\" \/>\n<meta property=\"og:title\" content=\"Camille VIAL : Una nomina strategica nella Pouey Italia\" \/>\n<meta property=\"og:description\" content=\"19 Marzo 2024 - Una nomina strategica nella nostra societ\u00e0. Scoprite la nomina di Camille Vial nella nostra societ\u00e0. Attualit\u00e0 Notizie Pouey.\" \/>\n<meta property=\"og:url\" content=\"https:\/\/pouey.definima.net\/it\/una-nomina-strategica-nella-nostra-societa\/\" \/>\n<meta property=\"og:site_name\" content=\"Pouey International\" \/>\n<meta property=\"article:publisher\" content=\"https:\/\/www.facebook.com\/p\/Pouey-International-SA-100069749935977\" \/>\n<meta property=\"article:published_time\" content=\"2024-03-19T11:18:17+00:00\" \/>\n<meta property=\"article:modified_time\" content=\"2024-04-04T15:20:16+00:00\" \/>\n<meta property=\"og:image\" content=\"https:\/\/pouey.definima.net\/wp-content\/uploads\/2024\/03\/Images-pour-SITE-WEB-2.png\" \/>\n\t<meta property=\"og:image:width\" content=\"1366\" \/>\n\t<meta property=\"og:image:height\" content=\"768\" \/>\n\t<meta property=\"og:image:type\" content=\"image\/png\" \/>\n<meta name=\"author\" content=\"Ines KHOUNA\" \/>\n<meta name=\"twitter:card\" content=\"summary_large_image\" \/>\n<meta name=\"twitter:creator\" content=\"@PoueyInt\" \/>\n<meta name=\"twitter:site\" content=\"@PoueyInt\" \/>\n<meta name=\"twitter:label1\" content=\"Scritto da\" \/>\n\t<meta name=\"twitter:data1\" content=\"Ines KHOUNA\" \/>\n\t<meta name=\"twitter:label2\" content=\"Tempo di lettura stimato\" \/>\n\t<meta name=\"twitter:data2\" content=\"2 minuti\" \/>\n<script type=\"application\/ld+json\" class=\"yoast-schema-graph\">{\"@context\":\"https:\\\/\\\/schema.org\",\"@graph\":[{\"@type\":\"Article\",\"@id\":\"https:\\\/\\\/pouey.definima.net\\\/it\\\/una-nomina-strategica-nella-nostra-societa\\\/#article\",\"isPartOf\":{\"@id\":\"https:\\\/\\\/pouey.definima.net\\\/it\\\/una-nomina-strategica-nella-nostra-societa\\\/\"},\"author\":{\"name\":\"Ines KHOUNA\",\"@id\":\"https:\\\/\\\/pouey.definima.net\\\/it\\\/#\\\/schema\\\/person\\\/7d2dcaca4165bdfc999d88f99312dc77\"},\"headline\":\"Una nomina strategica nella nostra societ\u00e0\",\"datePublished\":\"2024-03-19T11:18:17+00:00\",\"dateModified\":\"2024-04-04T15:20:16+00:00\",\"mainEntityOfPage\":{\"@id\":\"https:\\\/\\\/pouey.definima.net\\\/it\\\/una-nomina-strategica-nella-nostra-societa\\\/\"},\"wordCount\":271,\"publisher\":{\"@id\":\"https:\\\/\\\/pouey.definima.net\\\/it\\\/#organization\"},\"image\":{\"@id\":\"https:\\\/\\\/pouey.definima.net\\\/it\\\/una-nomina-strategica-nella-nostra-societa\\\/#primaryimage\"},\"thumbnailUrl\":\"https:\\\/\\\/pouey.definima.net\\\/wp-content\\\/uploads\\\/2024\\\/03\\\/Images-pour-SITE-WEB-2.png\",\"articleSection\":[\"Communiqu\u00e9s de presse\",\"Notizie\"],\"inLanguage\":\"it-IT\"},{\"@type\":\"WebPage\",\"@id\":\"https:\\\/\\\/pouey.definima.net\\\/it\\\/una-nomina-strategica-nella-nostra-societa\\\/\",\"url\":\"https:\\\/\\\/pouey.definima.net\\\/it\\\/una-nomina-strategica-nella-nostra-societa\\\/\",\"name\":\"Camille VIAL : Una nomina strategica nella Pouey Italia\",\"isPartOf\":{\"@id\":\"https:\\\/\\\/pouey.definima.net\\\/it\\\/#website\"},\"primaryImageOfPage\":{\"@id\":\"https:\\\/\\\/pouey.definima.net\\\/it\\\/una-nomina-strategica-nella-nostra-societa\\\/#primaryimage\"},\"image\":{\"@id\":\"https:\\\/\\\/pouey.definima.net\\\/it\\\/una-nomina-strategica-nella-nostra-societa\\\/#primaryimage\"},\"thumbnailUrl\":\"https:\\\/\\\/pouey.definima.net\\\/wp-content\\\/uploads\\\/2024\\\/03\\\/Images-pour-SITE-WEB-2.png\",\"datePublished\":\"2024-03-19T11:18:17+00:00\",\"dateModified\":\"2024-04-04T15:20:16+00:00\",\"description\":\"19 Marzo 2024 - Una nomina strategica nella nostra societ\u00e0. Scoprite la nomina di Camille Vial nella nostra societ\u00e0. Attualit\u00e0 Notizie Pouey.\",\"breadcrumb\":{\"@id\":\"https:\\\/\\\/pouey.definima.net\\\/it\\\/una-nomina-strategica-nella-nostra-societa\\\/#breadcrumb\"},\"inLanguage\":\"it-IT\",\"potentialAction\":[{\"@type\":\"ReadAction\",\"target\":[\"https:\\\/\\\/pouey.definima.net\\\/it\\\/una-nomina-strategica-nella-nostra-societa\\\/\"]}]},{\"@type\":\"ImageObject\",\"inLanguage\":\"it-IT\",\"@id\":\"https:\\\/\\\/pouey.definima.net\\\/it\\\/una-nomina-strategica-nella-nostra-societa\\\/#primaryimage\",\"url\":\"https:\\\/\\\/pouey.definima.net\\\/wp-content\\\/uploads\\\/2024\\\/03\\\/Images-pour-SITE-WEB-2.png\",\"contentUrl\":\"https:\\\/\\\/pouey.definima.net\\\/wp-content\\\/uploads\\\/2024\\\/03\\\/Images-pour-SITE-WEB-2.png\",\"width\":1366,\"height\":768,\"caption\":\"r\u00e9union d'entreprise\"},{\"@type\":\"BreadcrumbList\",\"@id\":\"https:\\\/\\\/pouey.definima.net\\\/it\\\/una-nomina-strategica-nella-nostra-societa\\\/#breadcrumb\",\"itemListElement\":[{\"@type\":\"ListItem\",\"position\":1,\"name\":\"Home\",\"item\":\"https:\\\/\\\/www.pouey.com\\\/it\\\/\"},{\"@type\":\"ListItem\",\"position\":2,\"name\":\"Una nomina strategica nella nostra societ\u00e0\"}]},{\"@type\":\"WebSite\",\"@id\":\"https:\\\/\\\/pouey.definima.net\\\/it\\\/#website\",\"url\":\"https:\\\/\\\/pouey.definima.net\\\/it\\\/\",\"name\":\"Pouey International\",\"description\":\"Avanza in sicurezza con Pouey International\",\"publisher\":{\"@id\":\"https:\\\/\\\/pouey.definima.net\\\/it\\\/#organization\"},\"alternateName\":\"Pouey\",\"potentialAction\":[{\"@type\":\"SearchAction\",\"target\":{\"@type\":\"EntryPoint\",\"urlTemplate\":\"https:\\\/\\\/pouey.definima.net\\\/it\\\/?s={search_term_string}\"},\"query-input\":{\"@type\":\"PropertyValueSpecification\",\"valueRequired\":true,\"valueName\":\"search_term_string\"}}],\"inLanguage\":\"it-IT\"},{\"@type\":\"Organization\",\"@id\":\"https:\\\/\\\/pouey.definima.net\\\/it\\\/#organization\",\"name\":\"Pouey International\",\"alternateName\":\"Pouey\",\"url\":\"https:\\\/\\\/pouey.definima.net\\\/it\\\/\",\"logo\":{\"@type\":\"ImageObject\",\"inLanguage\":\"it-IT\",\"@id\":\"https:\\\/\\\/pouey.definima.net\\\/it\\\/#\\\/schema\\\/logo\\\/image\\\/\",\"url\":\"https:\\\/\\\/www.pouey.com\\\/wp-content\\\/uploads\\\/2022\\\/01\\\/logo-pouey.svg\",\"contentUrl\":\"https:\\\/\\\/www.pouey.com\\\/wp-content\\\/uploads\\\/2022\\\/01\\\/logo-pouey.svg\",\"width\":139,\"height\":107,\"caption\":\"Pouey International\"},\"image\":{\"@id\":\"https:\\\/\\\/pouey.definima.net\\\/it\\\/#\\\/schema\\\/logo\\\/image\\\/\"},\"sameAs\":[\"https:\\\/\\\/www.facebook.com\\\/p\\\/Pouey-International-SA-100069749935977\",\"https:\\\/\\\/x.com\\\/PoueyInt\",\"https:\\\/\\\/www.linkedin.com\\\/company\\\/pouey-international\\\/\"]},{\"@type\":\"Person\",\"@id\":\"https:\\\/\\\/pouey.definima.net\\\/it\\\/#\\\/schema\\\/person\\\/7d2dcaca4165bdfc999d88f99312dc77\",\"name\":\"Ines KHOUNA\",\"image\":{\"@type\":\"ImageObject\",\"inLanguage\":\"it-IT\",\"@id\":\"https:\\\/\\\/secure.gravatar.com\\\/avatar\\\/1fc9783391d74f0fc8912f9ad58728a1e36331975aee96384971fa24e3fc4ee4?s=96&d=mm&r=g\",\"url\":\"https:\\\/\\\/secure.gravatar.com\\\/avatar\\\/1fc9783391d74f0fc8912f9ad58728a1e36331975aee96384971fa24e3fc4ee4?s=96&d=mm&r=g\",\"contentUrl\":\"https:\\\/\\\/secure.gravatar.com\\\/avatar\\\/1fc9783391d74f0fc8912f9ad58728a1e36331975aee96384971fa24e3fc4ee4?s=96&d=mm&r=g\",\"caption\":\"Ines KHOUNA\"}}]}<\/script>\n<!-- \/ Yoast SEO plugin. -->","yoast_head_json":{"title":"Camille VIAL : Una nomina strategica nella Pouey Italia","description":"19 Marzo 2024 - Una nomina strategica nella nostra societ\u00e0. Scoprite la nomina di Camille Vial nella nostra societ\u00e0. Attualit\u00e0 Notizie Pouey.","robots":{"index":"noindex","follow":"follow","max-snippet":"max-snippet:-1","max-image-preview":"max-image-preview:large","max-video-preview":"max-video-preview:-1"},"og_locale":"it_IT","og_type":"article","og_title":"Camille VIAL : Una nomina strategica nella Pouey Italia","og_description":"19 Marzo 2024 - Una nomina strategica nella nostra societ\u00e0. Scoprite la nomina di Camille Vial nella nostra societ\u00e0. Attualit\u00e0 Notizie Pouey.","og_url":"https:\/\/pouey.definima.net\/it\/una-nomina-strategica-nella-nostra-societa\/","og_site_name":"Pouey International","article_publisher":"https:\/\/www.facebook.com\/p\/Pouey-International-SA-100069749935977","article_published_time":"2024-03-19T11:18:17+00:00","article_modified_time":"2024-04-04T15:20:16+00:00","og_image":[{"width":1366,"height":768,"url":"https:\/\/pouey.definima.net\/wp-content\/uploads\/2024\/03\/Images-pour-SITE-WEB-2.png","type":"image\/png"}],"author":"Ines KHOUNA","twitter_card":"summary_large_image","twitter_creator":"@PoueyInt","twitter_site":"@PoueyInt","twitter_misc":{"Scritto da":"Ines KHOUNA","Tempo di lettura stimato":"2 minuti"},"schema":{"@context":"https:\/\/schema.org","@graph":[{"@type":"Article","@id":"https:\/\/pouey.definima.net\/it\/una-nomina-strategica-nella-nostra-societa\/#article","isPartOf":{"@id":"https:\/\/pouey.definima.net\/it\/una-nomina-strategica-nella-nostra-societa\/"},"author":{"name":"Ines KHOUNA","@id":"https:\/\/pouey.definima.net\/it\/#\/schema\/person\/7d2dcaca4165bdfc999d88f99312dc77"},"headline":"Una nomina strategica nella nostra societ\u00e0","datePublished":"2024-03-19T11:18:17+00:00","dateModified":"2024-04-04T15:20:16+00:00","mainEntityOfPage":{"@id":"https:\/\/pouey.definima.net\/it\/una-nomina-strategica-nella-nostra-societa\/"},"wordCount":271,"publisher":{"@id":"https:\/\/pouey.definima.net\/it\/#organization"},"image":{"@id":"https:\/\/pouey.definima.net\/it\/una-nomina-strategica-nella-nostra-societa\/#primaryimage"},"thumbnailUrl":"https:\/\/pouey.definima.net\/wp-content\/uploads\/2024\/03\/Images-pour-SITE-WEB-2.png","articleSection":["Communiqu\u00e9s de presse","Notizie"],"inLanguage":"it-IT"},{"@type":"WebPage","@id":"https:\/\/pouey.definima.net\/it\/una-nomina-strategica-nella-nostra-societa\/","url":"https:\/\/pouey.definima.net\/it\/una-nomina-strategica-nella-nostra-societa\/","name":"Camille VIAL : Una nomina strategica nella Pouey Italia","isPartOf":{"@id":"https:\/\/pouey.definima.net\/it\/#website"},"primaryImageOfPage":{"@id":"https:\/\/pouey.definima.net\/it\/una-nomina-strategica-nella-nostra-societa\/#primaryimage"},"image":{"@id":"https:\/\/pouey.definima.net\/it\/una-nomina-strategica-nella-nostra-societa\/#primaryimage"},"thumbnailUrl":"https:\/\/pouey.definima.net\/wp-content\/uploads\/2024\/03\/Images-pour-SITE-WEB-2.png","datePublished":"2024-03-19T11:18:17+00:00","dateModified":"2024-04-04T15:20:16+00:00","description":"19 Marzo 2024 - Una nomina strategica nella nostra societ\u00e0. Scoprite la nomina di Camille Vial nella nostra societ\u00e0. Attualit\u00e0 Notizie Pouey.","breadcrumb":{"@id":"https:\/\/pouey.definima.net\/it\/una-nomina-strategica-nella-nostra-societa\/#breadcrumb"},"inLanguage":"it-IT","potentialAction":[{"@type":"ReadAction","target":["https:\/\/pouey.definima.net\/it\/una-nomina-strategica-nella-nostra-societa\/"]}]},{"@type":"ImageObject","inLanguage":"it-IT","@id":"https:\/\/pouey.definima.net\/it\/una-nomina-strategica-nella-nostra-societa\/#primaryimage","url":"https:\/\/pouey.definima.net\/wp-content\/uploads\/2024\/03\/Images-pour-SITE-WEB-2.png","contentUrl":"https:\/\/pouey.definima.net\/wp-content\/uploads\/2024\/03\/Images-pour-SITE-WEB-2.png","width":1366,"height":768,"caption":"r\u00e9union d'entreprise"},{"@type":"BreadcrumbList","@id":"https:\/\/pouey.definima.net\/it\/una-nomina-strategica-nella-nostra-societa\/#breadcrumb","itemListElement":[{"@type":"ListItem","position":1,"name":"Home","item":"https:\/\/www.pouey.com\/it\/"},{"@type":"ListItem","position":2,"name":"Una nomina strategica nella nostra societ\u00e0"}]},{"@type":"WebSite","@id":"https:\/\/pouey.definima.net\/it\/#website","url":"https:\/\/pouey.definima.net\/it\/","name":"Pouey International","description":"Avanza in sicurezza con Pouey International","publisher":{"@id":"https:\/\/pouey.definima.net\/it\/#organization"},"alternateName":"Pouey","potentialAction":[{"@type":"SearchAction","target":{"@type":"EntryPoint","urlTemplate":"https:\/\/pouey.definima.net\/it\/?s={search_term_string}"},"query-input":{"@type":"PropertyValueSpecification","valueRequired":true,"valueName":"search_term_string"}}],"inLanguage":"it-IT"},{"@type":"Organization","@id":"https:\/\/pouey.definima.net\/it\/#organization","name":"Pouey International","alternateName":"Pouey","url":"https:\/\/pouey.definima.net\/it\/","logo":{"@type":"ImageObject","inLanguage":"it-IT","@id":"https:\/\/pouey.definima.net\/it\/#\/schema\/logo\/image\/","url":"https:\/\/www.pouey.com\/wp-content\/uploads\/2022\/01\/logo-pouey.svg","contentUrl":"https:\/\/www.pouey.com\/wp-content\/uploads\/2022\/01\/logo-pouey.svg","width":139,"height":107,"caption":"Pouey International"},"image":{"@id":"https:\/\/pouey.definima.net\/it\/#\/schema\/logo\/image\/"},"sameAs":["https:\/\/www.facebook.com\/p\/Pouey-International-SA-100069749935977","https:\/\/x.com\/PoueyInt","https:\/\/www.linkedin.com\/company\/pouey-international\/"]},{"@type":"Person","@id":"https:\/\/pouey.definima.net\/it\/#\/schema\/person\/7d2dcaca4165bdfc999d88f99312dc77","name":"Ines KHOUNA","image":{"@type":"ImageObject","inLanguage":"it-IT","@id":"https:\/\/secure.gravatar.com\/avatar\/1fc9783391d74f0fc8912f9ad58728a1e36331975aee96384971fa24e3fc4ee4?s=96&d=mm&r=g","url":"https:\/\/secure.gravatar.com\/avatar\/1fc9783391d74f0fc8912f9ad58728a1e36331975aee96384971fa24e3fc4ee4?s=96&d=mm&r=g","contentUrl":"https:\/\/secure.gravatar.com\/avatar\/1fc9783391d74f0fc8912f9ad58728a1e36331975aee96384971fa24e3fc4ee4?s=96&d=mm&r=g","caption":"Ines KHOUNA"}}]}},"_links":{"self":[{"href":"https:\/\/pouey.definima.net\/it\/wp-json\/wp\/v2\/posts\/2342","targetHints":{"allow":["GET"]}}],"collection":[{"href":"https:\/\/pouey.definima.net\/it\/wp-json\/wp\/v2\/posts"}],"about":[{"href":"https:\/\/pouey.definima.net\/it\/wp-json\/wp\/v2\/types\/post"}],"author":[{"embeddable":true,"href":"https:\/\/pouey.definima.net\/it\/wp-json\/wp\/v2\/users\/6"}],"replies":[{"embeddable":true,"href":"https:\/\/pouey.definima.net\/it\/wp-json\/wp\/v2\/comments?post=2342"}],"version-history":[{"count":8,"href":"https:\/\/pouey.definima.net\/it\/wp-json\/wp\/v2\/posts\/2342\/revisions"}],"predecessor-version":[{"id":2357,"href":"https:\/\/pouey.definima.net\/it\/wp-json\/wp\/v2\/posts\/2342\/revisions\/2357"}],"wp:featuredmedia":[{"embeddable":true,"href":"https:\/\/pouey.definima.net\/it\/wp-json\/wp\/v2\/media\/2331"}],"wp:attachment":[{"href":"https:\/\/pouey.definima.net\/it\/wp-json\/wp\/v2\/media?parent=2342"}],"wp:term":[{"taxonomy":"category","embeddable":true,"href":"https:\/\/pouey.definima.net\/it\/wp-json\/wp\/v2\/categories?post=2342"},{"taxonomy":"post_tag","embeddable":true,"href":"https:\/\/pouey.definima.net\/it\/wp-json\/wp\/v2\/tags?post=2342"}],"curies":[{"name":"wp","href":"https:\/\/api.w.org\/{rel}","templated":true}]}}