{"id":3719,"date":"2025-01-16T12:25:56","date_gmt":"2025-01-16T11:25:56","guid":{"rendered":"https:\/\/www.pouey.com\/?p=3719"},"modified":"2025-02-07T16:04:14","modified_gmt":"2025-02-07T15:04:14","slug":"gregory-boin-country-manager-espana-pouey-international","status":"publish","type":"post","link":"https:\/\/pouey.definima.net\/es\/gregory-boin-country-manager-espana-pouey-international\/","title":{"rendered":"Pouey International nombra a Gr\u00e9gory Boin Country Manager Espa\u00f1a"},"content":{"rendered":"\n<p><strong>Desde el 1 de enero de 2025, Gr\u00e9gory Boin ha sido promovido a Country Manager Espa\u00f1a. Tendr\u00e1 la misi\u00f3n de desarrollar las actividades de Pouey International en todo el territorio espa\u00f1ol y estructurar el equipo comercial para responder a las ambiciones de crecimiento de la empresa.<\/strong><\/p>\n\n\n<div class=\"wp-block-image\">\n<figure class=\"aligncenter size-large is-resized\"><img loading=\"lazy\" decoding=\"async\" width=\"679\" height=\"1024\" src=\"https:\/\/www.pouey.com\/wp-content\/uploads\/2025\/01\/Gregory2-679x1024.jpg\" alt=\"Gr\u00e9gory Boin Country Manager Espa\u00f1a\" class=\"wp-image-3703\" style=\"width:430px;height:auto\" srcset=\"https:\/\/pouey.definima.net\/wp-content\/uploads\/2025\/01\/Gregory2-679x1024.jpg 679w, https:\/\/pouey.definima.net\/wp-content\/uploads\/2025\/01\/Gregory2-232x350.jpg 232w, https:\/\/pouey.definima.net\/wp-content\/uploads\/2025\/01\/Gregory2.jpg 722w\" sizes=\"auto, (max-width: 679px) 100vw, 679px\" \/><\/figure>\n<\/div>\n\n\n<p>Consolidando su posici\u00f3n de l\u00edder en la <strong>gesti\u00f3n del riesgo cliente<\/strong> y proveedor as\u00ed como en el <strong>seguro de cr\u00e9dito<\/strong>, Pouey International reafirma su estrategia de expansi\u00f3n en Espa\u00f1a. Gr\u00e9gory Boin &#8211; 46 a\u00f1os &#8211; quien se uni\u00f3 a la empresa en 2021 como comercial en Catalu\u00f1a, ha demostrado su experiencia y liderazgo. En tres a\u00f1os, ha contribuido a fortalecer la presencia de Pouey International en\u00a0la comunidad aut\u00f3noma.<\/p>\n\n\n\n<p>En su nuevo rol (Country Manager Espa\u00f1a), ser\u00e1 responsable de acelerar el desarrollo de las actividades de la empresa en Espa\u00f1a, al mismo tiempo que consolida la estructuraci\u00f3n del equipo comercial. Su mandato incluye la gesti\u00f3n de un equipo dedicado a ofrecer soluciones innovadoras y personalizadas en materia de <a href=\"https:\/\/www.pouey.com\/es\/servicios\/seguro-del-credito\/\">gesti\u00f3n de riesgos de seguros de cr\u00e9dito<\/a> y <a href=\"https:\/\/www.pouey.com\/es\/servicios\/factoring-finquietis\/\">financiaci\u00f3n de facturas<\/a>.<\/p>\n\n\n\n<p>\u00ab <em>Este nombramiento forma parte de nuestra visi\u00f3n de crecimiento y proximidad con nuestros clientes. Gr\u00e9gory aporta un profundo conocimiento del mercado espa\u00f1ol y un fuerte compromiso con nuestros valores de servicio e innovaci\u00f3n <\/em>\u00bb, declara Pascal Marchesseau, Director General de Pouey International.<\/p>\n\n\n\n<p>Pouey International, presente en toda Europa, reafirma as\u00ed su ambici\u00f3n de desarrollar relaciones de confianza y proporcionar soluciones estrat\u00e9gicas a sus socios comerciales.<\/p>\n\n\n\n<p><strong>Contacto prensa :<\/strong>&nbsp;Servicio de Comunicaci\u00f3n &#8211; Pouey International ines.khouna@pouey.com<\/p>\n\n\n\n<ul class=\"wp-block-social-links is-layout-flex wp-block-social-links-is-layout-flex\"><li class=\"wp-social-link wp-social-link-linkedin  wp-block-social-link\"><a href=\"https:\/\/fr.linkedin.com\/company\/pouey-international\" class=\"wp-block-social-link-anchor\"><svg width=\"24\" height=\"24\" viewBox=\"0 0 24 24\" version=\"1.1\" xmlns=\"http:\/\/www.w3.org\/2000\/svg\" aria-hidden=\"true\" focusable=\"false\"><path d=\"M19.7,3H4.3C3.582,3,3,3.582,3,4.3v15.4C3,20.418,3.582,21,4.3,21h15.4c0.718,0,1.3-0.582,1.3-1.3V4.3 C21,3.582,20.418,3,19.7,3z M8.339,18.338H5.667v-8.59h2.672V18.338z M7.004,8.574c-0.857,0-1.549-0.694-1.549-1.548 c0-0.855,0.691-1.548,1.549-1.548c0.854,0,1.547,0.694,1.547,1.548C8.551,7.881,7.858,8.574,7.004,8.574z M18.339,18.338h-2.669 v-4.177c0-0.996-0.017-2.278-1.387-2.278c-1.389,0-1.601,1.086-1.601,2.206v4.249h-2.667v-8.59h2.559v1.174h0.037 c0.356-0.675,1.227-1.387,2.526-1.387c2.703,0,3.203,1.779,3.203,4.092V18.338z\"><\/path><\/svg><span class=\"wp-block-social-link-label screen-reader-text\">LinkedIn<\/span><\/a><\/li><\/ul>\n\n\n\n<div class=\"wp-block-buttons is-content-justification-center is-layout-flex wp-container-core-buttons-is-layout-16018d1d wp-block-buttons-is-layout-flex\">\n<div class=\"wp-block-button is-style-outline is-style-outline--1\"><a class=\"wp-block-button__link wp-element-button\" href=\"https:\/\/www.pouey.com\/es\/noticias\/\">Noticias<\/a><\/div>\n<\/div>\n\n\n\n<p>16.01.25<\/p>\n","protected":false},"excerpt":{"rendered":"<p>Desde el 1 de enero de 2025, Gr\u00e9gory Boin ha sido promovido a Country Manager Espa\u00f1a. Tendr\u00e1 la misi\u00f3n de desarrollar las actividades de Pouey International en todo el territorio espa\u00f1ol y estructurar el equipo comercial para responder a las ambiciones de crecimiento de la empresa. Consolidando su posici\u00f3n de l\u00edder en la gesti\u00f3n del&hellip; <a class=\"more-link\" href=\"https:\/\/pouey.definima.net\/es\/gregory-boin-country-manager-espana-pouey-international\/\">Seguir leyendo <span class=\"screen-reader-text\">Pouey International nombra a Gr\u00e9gory Boin Country Manager Espa\u00f1a<\/span><\/a><\/p>\n","protected":false},"author":6,"featured_media":3713,"comment_status":"closed","ping_status":"open","sticky":false,"template":"","format":"standard","meta":{"content-type":"","inline_featured_image":false,"footnotes":""},"categories":[64,41],"tags":[],"class_list":["post-3719","post","type-post","status-publish","format-standard","has-post-thumbnail","hentry","category-actualidad","category-comunicados-de-prensa","entry"],"acf":[],"yoast_head":"<!-- This site is optimized with the Yoast SEO plugin v27.4 - https:\/\/yoast.com\/product\/yoast-seo-wordpress\/ -->\n<title>Gr\u00e9gory Boin es nombrado Country Manager de Espa\u00f1a<\/title>\n<meta name=\"description\" content=\"Gr\u00e9gory Boin es nombrado Country Manager de Espa\u00f1a en Pouey International para acelerar su desarrollo y estructurar el equipo comercial.\" \/>\n<meta name=\"robots\" content=\"noindex, follow, max-snippet:-1, max-image-preview:large, max-video-preview:-1\" \/>\n<meta property=\"og:locale\" content=\"es_ES\" \/>\n<meta property=\"og:type\" content=\"article\" \/>\n<meta property=\"og:title\" content=\"Gr\u00e9gory Boin es nombrado Country Manager de Espa\u00f1a\" \/>\n<meta property=\"og:description\" content=\"Gr\u00e9gory Boin es nombrado Country Manager de Espa\u00f1a en Pouey International para acelerar su desarrollo y estructurar el equipo comercial.\" \/>\n<meta property=\"og:url\" content=\"https:\/\/pouey.definima.net\/es\/gregory-boin-country-manager-espana-pouey-international\/\" \/>\n<meta property=\"og:site_name\" content=\"Pouey International\" \/>\n<meta property=\"article:publisher\" content=\"https:\/\/www.facebook.com\/p\/Pouey-International-SA-100069749935977\" \/>\n<meta property=\"article:published_time\" content=\"2025-01-16T11:25:56+00:00\" \/>\n<meta property=\"article:modified_time\" content=\"2025-02-07T15:04:14+00:00\" \/>\n<meta property=\"og:image\" content=\"https:\/\/pouey.definima.net\/wp-content\/uploads\/2025\/01\/Images-pour-SITE-WEB-2.png\" \/>\n\t<meta property=\"og:image:width\" content=\"1366\" \/>\n\t<meta property=\"og:image:height\" content=\"768\" \/>\n\t<meta property=\"og:image:type\" content=\"image\/png\" \/>\n<meta name=\"author\" content=\"Ines KHOUNA\" \/>\n<meta name=\"twitter:card\" content=\"summary_large_image\" \/>\n<meta name=\"twitter:creator\" content=\"@PoueyInt\" \/>\n<meta name=\"twitter:site\" content=\"@PoueyInt\" \/>\n<meta name=\"twitter:label1\" content=\"Escrito por\" \/>\n\t<meta name=\"twitter:data1\" content=\"Ines KHOUNA\" \/>\n\t<meta name=\"twitter:label2\" content=\"Tiempo de lectura\" \/>\n\t<meta name=\"twitter:data2\" content=\"2 minutos\" \/>\n<script type=\"application\/ld+json\" class=\"yoast-schema-graph\">{\"@context\":\"https:\\\/\\\/schema.org\",\"@graph\":[{\"@type\":\"Article\",\"@id\":\"https:\\\/\\\/pouey.definima.net\\\/es\\\/gregory-boin-country-manager-espana-pouey-international\\\/#article\",\"isPartOf\":{\"@id\":\"https:\\\/\\\/pouey.definima.net\\\/es\\\/gregory-boin-country-manager-espana-pouey-international\\\/\"},\"author\":{\"name\":\"Ines KHOUNA\",\"@id\":\"https:\\\/\\\/pouey.definima.net\\\/es\\\/#\\\/schema\\\/person\\\/7d2dcaca4165bdfc999d88f99312dc77\"},\"headline\":\"Pouey International nombra a Gr\u00e9gory Boin Country Manager Espa\u00f1a\",\"datePublished\":\"2025-01-16T11:25:56+00:00\",\"dateModified\":\"2025-02-07T15:04:14+00:00\",\"mainEntityOfPage\":{\"@id\":\"https:\\\/\\\/pouey.definima.net\\\/es\\\/gregory-boin-country-manager-espana-pouey-international\\\/\"},\"wordCount\":289,\"publisher\":{\"@id\":\"https:\\\/\\\/pouey.definima.net\\\/es\\\/#organization\"},\"image\":{\"@id\":\"https:\\\/\\\/pouey.definima.net\\\/es\\\/gregory-boin-country-manager-espana-pouey-international\\\/#primaryimage\"},\"thumbnailUrl\":\"https:\\\/\\\/pouey.definima.net\\\/wp-content\\\/uploads\\\/2025\\\/01\\\/Images-pour-SITE-WEB-2.png\",\"articleSection\":[\"Actualidad\",\"Comunicados de prensa\"],\"inLanguage\":\"es\"},{\"@type\":\"WebPage\",\"@id\":\"https:\\\/\\\/pouey.definima.net\\\/es\\\/gregory-boin-country-manager-espana-pouey-international\\\/\",\"url\":\"https:\\\/\\\/pouey.definima.net\\\/es\\\/gregory-boin-country-manager-espana-pouey-international\\\/\",\"name\":\"Gr\u00e9gory Boin es nombrado Country Manager de Espa\u00f1a\",\"isPartOf\":{\"@id\":\"https:\\\/\\\/pouey.definima.net\\\/es\\\/#website\"},\"primaryImageOfPage\":{\"@id\":\"https:\\\/\\\/pouey.definima.net\\\/es\\\/gregory-boin-country-manager-espana-pouey-international\\\/#primaryimage\"},\"image\":{\"@id\":\"https:\\\/\\\/pouey.definima.net\\\/es\\\/gregory-boin-country-manager-espana-pouey-international\\\/#primaryimage\"},\"thumbnailUrl\":\"https:\\\/\\\/pouey.definima.net\\\/wp-content\\\/uploads\\\/2025\\\/01\\\/Images-pour-SITE-WEB-2.png\",\"datePublished\":\"2025-01-16T11:25:56+00:00\",\"dateModified\":\"2025-02-07T15:04:14+00:00\",\"description\":\"Gr\u00e9gory Boin es nombrado Country Manager de Espa\u00f1a en Pouey International para acelerar su desarrollo y estructurar el equipo comercial.\",\"breadcrumb\":{\"@id\":\"https:\\\/\\\/pouey.definima.net\\\/es\\\/gregory-boin-country-manager-espana-pouey-international\\\/#breadcrumb\"},\"inLanguage\":\"es\",\"potentialAction\":[{\"@type\":\"ReadAction\",\"target\":[\"https:\\\/\\\/pouey.definima.net\\\/es\\\/gregory-boin-country-manager-espana-pouey-international\\\/\"]}]},{\"@type\":\"ImageObject\",\"inLanguage\":\"es\",\"@id\":\"https:\\\/\\\/pouey.definima.net\\\/es\\\/gregory-boin-country-manager-espana-pouey-international\\\/#primaryimage\",\"url\":\"https:\\\/\\\/pouey.definima.net\\\/wp-content\\\/uploads\\\/2025\\\/01\\\/Images-pour-SITE-WEB-2.png\",\"contentUrl\":\"https:\\\/\\\/pouey.definima.net\\\/wp-content\\\/uploads\\\/2025\\\/01\\\/Images-pour-SITE-WEB-2.png\",\"width\":1366,\"height\":768,\"caption\":\"Gr\u00e9gory Boin\"},{\"@type\":\"BreadcrumbList\",\"@id\":\"https:\\\/\\\/pouey.definima.net\\\/es\\\/gregory-boin-country-manager-espana-pouey-international\\\/#breadcrumb\",\"itemListElement\":[{\"@type\":\"ListItem\",\"position\":1,\"name\":\"Home\",\"item\":\"https:\\\/\\\/www.pouey.com\\\/es\\\/\"},{\"@type\":\"ListItem\",\"position\":2,\"name\":\"Pouey International nombra a Gr\u00e9gory Boin Country Manager Espa\u00f1a\"}]},{\"@type\":\"WebSite\",\"@id\":\"https:\\\/\\\/pouey.definima.net\\\/es\\\/#website\",\"url\":\"https:\\\/\\\/pouey.definima.net\\\/es\\\/\",\"name\":\"Pouey International\",\"description\":\"Avance seguro con Pouey International\",\"publisher\":{\"@id\":\"https:\\\/\\\/pouey.definima.net\\\/es\\\/#organization\"},\"alternateName\":\"Pouey\",\"potentialAction\":[{\"@type\":\"SearchAction\",\"target\":{\"@type\":\"EntryPoint\",\"urlTemplate\":\"https:\\\/\\\/pouey.definima.net\\\/es\\\/?s={search_term_string}\"},\"query-input\":{\"@type\":\"PropertyValueSpecification\",\"valueRequired\":true,\"valueName\":\"search_term_string\"}}],\"inLanguage\":\"es\"},{\"@type\":\"Organization\",\"@id\":\"https:\\\/\\\/pouey.definima.net\\\/es\\\/#organization\",\"name\":\"Pouey International\",\"alternateName\":\"Pouey\",\"url\":\"https:\\\/\\\/pouey.definima.net\\\/es\\\/\",\"logo\":{\"@type\":\"ImageObject\",\"inLanguage\":\"es\",\"@id\":\"https:\\\/\\\/pouey.definima.net\\\/es\\\/#\\\/schema\\\/logo\\\/image\\\/\",\"url\":\"https:\\\/\\\/www.pouey.com\\\/wp-content\\\/uploads\\\/2022\\\/01\\\/logo-pouey.svg\",\"contentUrl\":\"https:\\\/\\\/www.pouey.com\\\/wp-content\\\/uploads\\\/2022\\\/01\\\/logo-pouey.svg\",\"width\":139,\"height\":107,\"caption\":\"Pouey International\"},\"image\":{\"@id\":\"https:\\\/\\\/pouey.definima.net\\\/es\\\/#\\\/schema\\\/logo\\\/image\\\/\"},\"sameAs\":[\"https:\\\/\\\/www.facebook.com\\\/p\\\/Pouey-International-SA-100069749935977\",\"https:\\\/\\\/x.com\\\/PoueyInt\",\"https:\\\/\\\/www.linkedin.com\\\/company\\\/pouey-international\\\/\"]},{\"@type\":\"Person\",\"@id\":\"https:\\\/\\\/pouey.definima.net\\\/es\\\/#\\\/schema\\\/person\\\/7d2dcaca4165bdfc999d88f99312dc77\",\"name\":\"Ines KHOUNA\",\"image\":{\"@type\":\"ImageObject\",\"inLanguage\":\"es\",\"@id\":\"https:\\\/\\\/secure.gravatar.com\\\/avatar\\\/1fc9783391d74f0fc8912f9ad58728a1e36331975aee96384971fa24e3fc4ee4?s=96&d=mm&r=g\",\"url\":\"https:\\\/\\\/secure.gravatar.com\\\/avatar\\\/1fc9783391d74f0fc8912f9ad58728a1e36331975aee96384971fa24e3fc4ee4?s=96&d=mm&r=g\",\"contentUrl\":\"https:\\\/\\\/secure.gravatar.com\\\/avatar\\\/1fc9783391d74f0fc8912f9ad58728a1e36331975aee96384971fa24e3fc4ee4?s=96&d=mm&r=g\",\"caption\":\"Ines KHOUNA\"}}]}<\/script>\n<!-- \/ Yoast SEO plugin. -->","yoast_head_json":{"title":"Gr\u00e9gory Boin es nombrado Country Manager de Espa\u00f1a","description":"Gr\u00e9gory Boin es nombrado Country Manager de Espa\u00f1a en Pouey International para acelerar su desarrollo y estructurar el equipo comercial.","robots":{"index":"noindex","follow":"follow","max-snippet":"max-snippet:-1","max-image-preview":"max-image-preview:large","max-video-preview":"max-video-preview:-1"},"og_locale":"es_ES","og_type":"article","og_title":"Gr\u00e9gory Boin es nombrado Country Manager de Espa\u00f1a","og_description":"Gr\u00e9gory Boin es nombrado Country Manager de Espa\u00f1a en Pouey International para acelerar su desarrollo y estructurar el equipo comercial.","og_url":"https:\/\/pouey.definima.net\/es\/gregory-boin-country-manager-espana-pouey-international\/","og_site_name":"Pouey International","article_publisher":"https:\/\/www.facebook.com\/p\/Pouey-International-SA-100069749935977","article_published_time":"2025-01-16T11:25:56+00:00","article_modified_time":"2025-02-07T15:04:14+00:00","og_image":[{"width":1366,"height":768,"url":"https:\/\/pouey.definima.net\/wp-content\/uploads\/2025\/01\/Images-pour-SITE-WEB-2.png","type":"image\/png"}],"author":"Ines KHOUNA","twitter_card":"summary_large_image","twitter_creator":"@PoueyInt","twitter_site":"@PoueyInt","twitter_misc":{"Escrito por":"Ines KHOUNA","Tiempo de lectura":"2 minutos"},"schema":{"@context":"https:\/\/schema.org","@graph":[{"@type":"Article","@id":"https:\/\/pouey.definima.net\/es\/gregory-boin-country-manager-espana-pouey-international\/#article","isPartOf":{"@id":"https:\/\/pouey.definima.net\/es\/gregory-boin-country-manager-espana-pouey-international\/"},"author":{"name":"Ines KHOUNA","@id":"https:\/\/pouey.definima.net\/es\/#\/schema\/person\/7d2dcaca4165bdfc999d88f99312dc77"},"headline":"Pouey International nombra a Gr\u00e9gory Boin Country Manager Espa\u00f1a","datePublished":"2025-01-16T11:25:56+00:00","dateModified":"2025-02-07T15:04:14+00:00","mainEntityOfPage":{"@id":"https:\/\/pouey.definima.net\/es\/gregory-boin-country-manager-espana-pouey-international\/"},"wordCount":289,"publisher":{"@id":"https:\/\/pouey.definima.net\/es\/#organization"},"image":{"@id":"https:\/\/pouey.definima.net\/es\/gregory-boin-country-manager-espana-pouey-international\/#primaryimage"},"thumbnailUrl":"https:\/\/pouey.definima.net\/wp-content\/uploads\/2025\/01\/Images-pour-SITE-WEB-2.png","articleSection":["Actualidad","Comunicados de prensa"],"inLanguage":"es"},{"@type":"WebPage","@id":"https:\/\/pouey.definima.net\/es\/gregory-boin-country-manager-espana-pouey-international\/","url":"https:\/\/pouey.definima.net\/es\/gregory-boin-country-manager-espana-pouey-international\/","name":"Gr\u00e9gory Boin es nombrado Country Manager de Espa\u00f1a","isPartOf":{"@id":"https:\/\/pouey.definima.net\/es\/#website"},"primaryImageOfPage":{"@id":"https:\/\/pouey.definima.net\/es\/gregory-boin-country-manager-espana-pouey-international\/#primaryimage"},"image":{"@id":"https:\/\/pouey.definima.net\/es\/gregory-boin-country-manager-espana-pouey-international\/#primaryimage"},"thumbnailUrl":"https:\/\/pouey.definima.net\/wp-content\/uploads\/2025\/01\/Images-pour-SITE-WEB-2.png","datePublished":"2025-01-16T11:25:56+00:00","dateModified":"2025-02-07T15:04:14+00:00","description":"Gr\u00e9gory Boin es nombrado Country Manager de Espa\u00f1a en Pouey International para acelerar su desarrollo y estructurar el equipo comercial.","breadcrumb":{"@id":"https:\/\/pouey.definima.net\/es\/gregory-boin-country-manager-espana-pouey-international\/#breadcrumb"},"inLanguage":"es","potentialAction":[{"@type":"ReadAction","target":["https:\/\/pouey.definima.net\/es\/gregory-boin-country-manager-espana-pouey-international\/"]}]},{"@type":"ImageObject","inLanguage":"es","@id":"https:\/\/pouey.definima.net\/es\/gregory-boin-country-manager-espana-pouey-international\/#primaryimage","url":"https:\/\/pouey.definima.net\/wp-content\/uploads\/2025\/01\/Images-pour-SITE-WEB-2.png","contentUrl":"https:\/\/pouey.definima.net\/wp-content\/uploads\/2025\/01\/Images-pour-SITE-WEB-2.png","width":1366,"height":768,"caption":"Gr\u00e9gory Boin"},{"@type":"BreadcrumbList","@id":"https:\/\/pouey.definima.net\/es\/gregory-boin-country-manager-espana-pouey-international\/#breadcrumb","itemListElement":[{"@type":"ListItem","position":1,"name":"Home","item":"https:\/\/www.pouey.com\/es\/"},{"@type":"ListItem","position":2,"name":"Pouey International nombra a Gr\u00e9gory Boin Country Manager Espa\u00f1a"}]},{"@type":"WebSite","@id":"https:\/\/pouey.definima.net\/es\/#website","url":"https:\/\/pouey.definima.net\/es\/","name":"Pouey International","description":"Avance seguro con Pouey International","publisher":{"@id":"https:\/\/pouey.definima.net\/es\/#organization"},"alternateName":"Pouey","potentialAction":[{"@type":"SearchAction","target":{"@type":"EntryPoint","urlTemplate":"https:\/\/pouey.definima.net\/es\/?s={search_term_string}"},"query-input":{"@type":"PropertyValueSpecification","valueRequired":true,"valueName":"search_term_string"}}],"inLanguage":"es"},{"@type":"Organization","@id":"https:\/\/pouey.definima.net\/es\/#organization","name":"Pouey International","alternateName":"Pouey","url":"https:\/\/pouey.definima.net\/es\/","logo":{"@type":"ImageObject","inLanguage":"es","@id":"https:\/\/pouey.definima.net\/es\/#\/schema\/logo\/image\/","url":"https:\/\/www.pouey.com\/wp-content\/uploads\/2022\/01\/logo-pouey.svg","contentUrl":"https:\/\/www.pouey.com\/wp-content\/uploads\/2022\/01\/logo-pouey.svg","width":139,"height":107,"caption":"Pouey International"},"image":{"@id":"https:\/\/pouey.definima.net\/es\/#\/schema\/logo\/image\/"},"sameAs":["https:\/\/www.facebook.com\/p\/Pouey-International-SA-100069749935977","https:\/\/x.com\/PoueyInt","https:\/\/www.linkedin.com\/company\/pouey-international\/"]},{"@type":"Person","@id":"https:\/\/pouey.definima.net\/es\/#\/schema\/person\/7d2dcaca4165bdfc999d88f99312dc77","name":"Ines KHOUNA","image":{"@type":"ImageObject","inLanguage":"es","@id":"https:\/\/secure.gravatar.com\/avatar\/1fc9783391d74f0fc8912f9ad58728a1e36331975aee96384971fa24e3fc4ee4?s=96&d=mm&r=g","url":"https:\/\/secure.gravatar.com\/avatar\/1fc9783391d74f0fc8912f9ad58728a1e36331975aee96384971fa24e3fc4ee4?s=96&d=mm&r=g","contentUrl":"https:\/\/secure.gravatar.com\/avatar\/1fc9783391d74f0fc8912f9ad58728a1e36331975aee96384971fa24e3fc4ee4?s=96&d=mm&r=g","caption":"Ines KHOUNA"}}]}},"_links":{"self":[{"href":"https:\/\/pouey.definima.net\/es\/wp-json\/wp\/v2\/posts\/3719","targetHints":{"allow":["GET"]}}],"collection":[{"href":"https:\/\/pouey.definima.net\/es\/wp-json\/wp\/v2\/posts"}],"about":[{"href":"https:\/\/pouey.definima.net\/es\/wp-json\/wp\/v2\/types\/post"}],"author":[{"embeddable":true,"href":"https:\/\/pouey.definima.net\/es\/wp-json\/wp\/v2\/users\/6"}],"replies":[{"embeddable":true,"href":"https:\/\/pouey.definima.net\/es\/wp-json\/wp\/v2\/comments?post=3719"}],"version-history":[{"count":3,"href":"https:\/\/pouey.definima.net\/es\/wp-json\/wp\/v2\/posts\/3719\/revisions"}],"predecessor-version":[{"id":3731,"href":"https:\/\/pouey.definima.net\/es\/wp-json\/wp\/v2\/posts\/3719\/revisions\/3731"}],"wp:featuredmedia":[{"embeddable":true,"href":"https:\/\/pouey.definima.net\/es\/wp-json\/wp\/v2\/media\/3713"}],"wp:attachment":[{"href":"https:\/\/pouey.definima.net\/es\/wp-json\/wp\/v2\/media?parent=3719"}],"wp:term":[{"taxonomy":"category","embeddable":true,"href":"https:\/\/pouey.definima.net\/es\/wp-json\/wp\/v2\/categories?post=3719"},{"taxonomy":"post_tag","embeddable":true,"href":"https:\/\/pouey.definima.net\/es\/wp-json\/wp\/v2\/tags?post=3719"}],"curies":[{"name":"wp","href":"https:\/\/api.w.org\/{rel}","templated":true}]}}